{"id":132,"date":"2021-03-13T18:32:33","date_gmt":"2021-03-13T23:32:33","guid":{"rendered":"https:\/\/blogs.uniandes.edu.co\/arte-conflicto-colombia\/?p=132"},"modified":"2021-07-06T17:12:28","modified_gmt":"2021-07-06T22:12:28","slug":"por-que-los-lugares-de-memoria-son-importantes","status":"publish","type":"post","link":"https:\/\/blogs.uniandes.edu.co\/arte-conflicto-colombia\/por-que-los-lugares-de-memoria-son-importantes\/","title":{"rendered":"\u00bfPor qu\u00e9 los lugares de memoria son importantes?"},"content":{"rendered":"\n<p class=\"has-normal-font-size\"><strong>\u2013 Una respuesta desde una (re)lectura del gran Jos\u00e9 Eustasio Rivera<\/strong><\/p>\n\n\n\n<p><em>El \u00e1rbol como lugar de memoria<\/em><\/p>\n\n\n\n<p>[Qu\u00e9 complejo es el lugar de la memoria y todo lo que contiene.] <em>De todo nuestro pret\u00e9rito s\u00f3lo quedar\u00eda la huella de los pesares, porque el alma es como el tronco del \u00e1rbol, que no guarda memoria de las&nbsp; floraciones pasadas sino de las heridas que le abrieron en la corteza. <\/em>[Es dif\u00edcil ir a recordar y aclarar las heridas, pero no sobra decir que aquel \u00e1rbol sigue siendo un ser vivo, un lugar de vida.]<\/p>\n\n\n\n<p>[A\u00fan as\u00ed la v\u00edcitma le dir\u00eda al \u00e1rbol:]<em> \u00a1Sue\u00f1os irrealizados, triunfos perdidos! \u00bfPor qu\u00e9 sois; fantasmas de la memoria, cual si me quisierais avergonzar? \u00a1Ved en lo que ha parado este so\u00f1ador: en herir al \u00e1rbol inerme para enriquecer a los que no sue\u00f1an; en soportar desprecios y vejaciones en cambio de un mendrugo al anochecer!<\/em><\/p>\n\n\n\n<p>[Y a pesar de todo, el \u00e1rbol contestar\u00eda:] <em>hago memoria de los sucesos aterradores que antevinieron a la fuga, inconforme con mi destino, que me oblig\u00f3 a dejar un rastro de sangre. No [lo realiz\u00f3 por vanidad sino] en memoria de la esperanza que hemos perdido.<\/em><\/p>\n\n\n\n<p><strong>Nota:<\/strong> lo que se encuentra en corchetes es de mi autor\u00eda, lo que no de Jos\u00e9 Eustasio.<\/p>\n\n\n\n<p class=\"has-text-align-right\">Juan Pablo Carbonell<\/p>\n","protected":false},"excerpt":{"rendered":"<p>\u2013 Una respuesta desde una (re)lectura del gran Jos\u00e9 Eustasio Rivera El \u00e1rbol como lugar de memoria [Qu\u00e9 complejo es el lugar de la memoria y todo lo que contiene.] De todo nuestro pret\u00e9rito s\u00f3lo quedar\u00eda la huella de los pesares, porque el alma es como el tronco del \u00e1rbol, que no guarda memoria de&#46;&#46;&#46;<\/p>\n","protected":false},"author":4,"featured_media":196,"comment_status":"closed","ping_status":"closed","sticky":false,"template":"","format":"standard","meta":{"footnotes":""},"categories":[1],"tags":[24],"class_list":["post-132","post","type-post","status-publish","format-standard","has-post-thumbnail","hentry","category-textos-2020","tag-juan-pablo-carbonell-2"],"_links":{"self":[{"href":"https:\/\/blogs.uniandes.edu.co\/arte-conflicto-colombia\/wp-json\/wp\/v2\/posts\/132","targetHints":{"allow":["GET"]}}],"collection":[{"href":"https:\/\/blogs.uniandes.edu.co\/arte-conflicto-colombia\/wp-json\/wp\/v2\/posts"}],"about":[{"href":"https:\/\/blogs.uniandes.edu.co\/arte-conflicto-colombia\/wp-json\/wp\/v2\/types\/post"}],"author":[{"embeddable":true,"href":"https:\/\/blogs.uniandes.edu.co\/arte-conflicto-colombia\/wp-json\/wp\/v2\/users\/4"}],"replies":[{"embeddable":true,"href":"https:\/\/blogs.uniandes.edu.co\/arte-conflicto-colombia\/wp-json\/wp\/v2\/comments?post=132"}],"version-history":[{"count":2,"href":"https:\/\/blogs.uniandes.edu.co\/arte-conflicto-colombia\/wp-json\/wp\/v2\/posts\/132\/revisions"}],"predecessor-version":[{"id":206,"href":"https:\/\/blogs.uniandes.edu.co\/arte-conflicto-colombia\/wp-json\/wp\/v2\/posts\/132\/revisions\/206"}],"wp:featuredmedia":[{"embeddable":true,"href":"https:\/\/blogs.uniandes.edu.co\/arte-conflicto-colombia\/wp-json\/wp\/v2\/media\/196"}],"wp:attachment":[{"href":"https:\/\/blogs.uniandes.edu.co\/arte-conflicto-colombia\/wp-json\/wp\/v2\/media?parent=132"}],"wp:term":[{"taxonomy":"category","embeddable":true,"href":"https:\/\/blogs.uniandes.edu.co\/arte-conflicto-colombia\/wp-json\/wp\/v2\/categories?post=132"},{"taxonomy":"post_tag","embeddable":true,"href":"https:\/\/blogs.uniandes.edu.co\/arte-conflicto-colombia\/wp-json\/wp\/v2\/tags?post=132"}],"curies":[{"name":"wp","href":"https:\/\/api.w.org\/{rel}","templated":true}]}}