{"id":84,"date":"2021-03-13T16:44:46","date_gmt":"2021-03-13T21:44:46","guid":{"rendered":"https:\/\/blogs.uniandes.edu.co\/arte-conflicto-colombia\/?p=84"},"modified":"2021-07-06T17:19:50","modified_gmt":"2021-07-06T22:19:50","slug":"repensarnos-y-reconstruirnos-a-traves-del-arte","status":"publish","type":"post","link":"https:\/\/blogs.uniandes.edu.co\/arte-conflicto-colombia\/repensarnos-y-reconstruirnos-a-traves-del-arte\/","title":{"rendered":"Repensarnos y reconstruirnos a trav\u00e9s del arte"},"content":{"rendered":"\n<p class=\"has-drop-cap\">Tras varias d\u00e9cadas de constante conflicto armado en Colombia, la sociedad ha sido completamente marcada de por vida por los imperdonables hechos hist\u00f3ricos. Todos los actores involucrados en el conflicto, ya sea directa o indirectamente, han tenido que verse afectados por los enfrentamientos armados. De cierto modo en la actualidad se lleg\u00f3 a un estado con \u201cmenos\u201d violencia armada gracias a los procesos de paz. Es por esto que se han presentado espacios en los cuales los principales actores del conflicto han podido compartir experiencias, mostrar sus puntos de vista de acuerdo con el entorno que los ha rodeado y, de cierta forma, contar la verdad. Todo esto constituye un proceso de reparaci\u00f3n, reintegraci\u00f3n, perd\u00f3n y reconstrucci\u00f3n para todos los afectados en este marco social. Dentro de los principales actores de estos encuentros colectivos est\u00e1n exparamilitares, excombatientes de las FARC, veteranos de la fuerza p\u00fablica y civiles v\u00edctimas del conflicto. La Fundaci\u00f3n Prolongar en los \u00faltimos a\u00f1os ha tenido la iniciativa de reunir los actores anteriormente mencionados en talleres conjuntos en los cuales se busca la reconciliaci\u00f3n a trav\u00e9s del poder de transformaci\u00f3n de las herramientas art\u00edsticas. La fundaci\u00f3n se encarga desde 1988 a la protecci\u00f3n, desarrollo y promoci\u00f3n de las comunidades colombianas en busca de las transformaci\u00f3n cultural y social. Estos encuentros han representado un gran valor en el trato del postconflicto con los principales involucrados. &nbsp;<\/p>\n\n\n\n<p>Los talleres organizados por la fundaci\u00f3n son llamados \u201cEncuentros que Reconcilian\u201d y tomaron lugar en Florencia, Monta\u00f1ita y San Vicente del Cagu\u00e1n en el departamento del Caquet\u00e1. A lo largo de 7 meses los miembros de los talleres tuvieron la oportunidad de reflexionar entorno a sus experiencias vividas, fortalezas y prejuicios. Para esto se llev\u00f3 a cabo una pr\u00e1ctica milenaria japonesa llamada Kintsugi que significa \u201cremiendo de oro\u201d y que pretende remendar con oro lo que se ha roto. Mediante esta metodolog\u00eda se pretende sanar aquellas memorias llenas de heridas y cicatrices a trav\u00e9s de la reconciliaci\u00f3n que pretende ser el \u201cpegamento\u201d que une a las personas. Se han hecho ejercicios de Kintsugi al reparar piezas rotas de cer\u00e1mica (ver <em>Imagen 1 y 2<\/em>) y llevar a un plano simb\u00f3lico la reconciliaci\u00f3n con uno mismo, con el otro y con la comunidad. \u201cDe esta forma, y acorde a la metodolog\u00eda de Prolongar\u00ae, se comenz\u00f3 por el cambio individual del rencor y el odio para transformar relaciones comunitarias de miedo y desconfianza.\u201d (Fundaci\u00f3n Prolongar, 2019) Del mismo modo, en estos talleres en donde se trabajan manualidades y se terminan creando representaciones art\u00edsticas propias de los principales actores del conflicto armado colombiano, se da lugar a un espacio m\u00e1s ameno y c\u00f3modo para comunicarse y expresarse m\u00e1s libremente.<\/p>\n\n\n\n<p>Teniendo en cuenta la descripci\u00f3n de las metodolog\u00edas y elementos art\u00edsticos elaborados en los talleres de la Fundaci\u00f3n Prolongar, es posible determinar el profundo significado que este conlleva. Por un lado, al tratarse de la convivencia y trabajo conjunto entre diferentes actores que eran considerandos en un pasado como enemigos a muerte, se esta dando un espacio de perd\u00f3n y reparaci\u00f3n supremamente claro. Adem\u00e1s de esto, el significado simb\u00f3lico que trae la reconstrucci\u00f3n de cer\u00e1micas en la cual cada persona aporta y ayuda se puede asimilar a como se est\u00e1 tratando de sanar la dolorosa historia colombiana que qued\u00f3 a la merced de los imperdonables hechos violentos. No solo se busca una reparaci\u00f3n colectiva, tambi\u00e9n se busca llegar a una reflexi\u00f3n \u00edntima en la cual cada persona pueda darle luz a una parte oscura de su memoria.<\/p>\n\n\n\n<p>Contemplando todo lo anterior, es posible entender la importancia de las obras y los prop\u00f3sitos que se buscan en los talleres de la Fundaci\u00f3n Prolongar. Mediante la reconstrucci\u00f3n art\u00edstica v\u00eda la metodolog\u00eda del Kintsugi es posible notar que entre todos se puede llegar a una reconstrucci\u00f3n de algo que se pensaba muerto, acabado y destruido. Muestra c\u00f3mo las personas que han estado en constante enfrentamiento son capaces de llegar a uni\u00f3n para as\u00ed construir sociedad y sanar todas las heridas que el conflicto armado le han impartido. Junto a esto, es muy importante notar c\u00f3mo las personas miembros de los \u201cEncuentros que Reconcilian\u201d son capaces de llevar un proceso de reintegraci\u00f3n a la sociedad mucho m\u00e1s amable y natural con ayuda del arte en conjunto. Es por esto por lo que considero que mediante estos encuentros es posible manejar un proceso de reparaci\u00f3n y reintegraci\u00f3n supremamente relevante para los principales involucrados en la violencia de Colombia. Junto a esto, hay que tener en cuenta que las obras art\u00edsticas recreadas en estos eventos pertenecen a la categor\u00eda de litigio est\u00e9tico, ya que son los mismos involucrados y v\u00edctimas del conflicto los que las construyen.<\/p>\n\n\n\n<p>En conclusi\u00f3n, no solo se puede decir que se est\u00e1n llegando a resultados cualitativos en las personas que hacen parte de los talleres, sino tambi\u00e9n se lograron resultados en el marco cuantitativo. En este \u00faltimo rubro se obtuvieron los siguientes resultados: \u201cEl 73% de los sobrevivientes ahora reconocen fortalezas y conocimientos sobre si mismos. El 70% de los sobrevivientes afirma no tener sentimientos negativos frente a los miembros de otros grupos (Fuerza P\u00fablica, civiles, PPR) El 100% de los sobrevivientes afirmaron haber sido involucrados en la curadur\u00eda colaborativa de la Muestra Museogr\u00e1fica.\u201d (Fundaci\u00f3n Prolongar, 2019) Es por lo anterior que se puede entender la relevancia e importancia de los talleres organizados por la fundaci\u00f3n. Vale la pena resaltar nuevamente que el trabajo colectivo entre los principales miembros del conflicto armado alrededor del arte termina por significar la unidad, el perd\u00f3n, la reintegraci\u00f3n y reparaci\u00f3n para as\u00ed construir una mejor sociedad colombiana.<\/p>\n\n\n\n<div id=\"attachment_85\" style=\"width: 624px\" class=\"wp-caption alignnone\"><img loading=\"lazy\" decoding=\"async\" aria-describedby=\"caption-attachment-85\" class=\"wp-image-85 \" src=\"https:\/\/blogs.uniandes.edu.co\/arte-conflicto-colombia\/wp-content\/uploads\/sites\/2\/2021\/03\/Humberto-Alzate1-300x169.png\" alt=\"\" width=\"614\" height=\"346\" srcset=\"https:\/\/blogs.uniandes.edu.co\/arte-conflicto-colombia\/wp-content\/uploads\/sites\/2\/2021\/03\/Humberto-Alzate1-300x169.png 300w, https:\/\/blogs.uniandes.edu.co\/arte-conflicto-colombia\/wp-content\/uploads\/sites\/2\/2021\/03\/Humberto-Alzate1.png 590w\" sizes=\"auto, (max-width: 614px) 100vw, 614px\" \/><p id=\"caption-attachment-85\" class=\"wp-caption-text\"><em><span style=\"color: #ffffff\">Imagen 1. Reconstrucci\u00f3n de cer\u00e1mica a trav\u00e9s de la t\u00e9cnica Kintsugi<\/span><\/em><\/p><\/div>\n\n\n\n<div id=\"attachment_86\" style=\"width: 621px\" class=\"wp-caption alignnone\"><img loading=\"lazy\" decoding=\"async\" aria-describedby=\"caption-attachment-86\" class=\"wp-image-86 \" src=\"https:\/\/blogs.uniandes.edu.co\/arte-conflicto-colombia\/wp-content\/uploads\/sites\/2\/2021\/03\/Humberto-Alzate2.png\" alt=\"\" width=\"611\" height=\"344\" srcset=\"https:\/\/blogs.uniandes.edu.co\/arte-conflicto-colombia\/wp-content\/uploads\/sites\/2\/2021\/03\/Humberto-Alzate2.png 590w, https:\/\/blogs.uniandes.edu.co\/arte-conflicto-colombia\/wp-content\/uploads\/sites\/2\/2021\/03\/Humberto-Alzate2-300x169.png 300w\" sizes=\"auto, (max-width: 611px) 100vw, 611px\" \/><p id=\"caption-attachment-86\" class=\"wp-caption-text\"><em><span style=\"color: #ffffff;\">Imagen 2 Reconstrucci\u00f3n de cer\u00e1mica a trav\u00e9s de la t\u00e9cnica Kintsugi<\/span><\/em><\/p><\/div>\n\n\n\n<p class=\"has-text-align-right\">Humberto Alzate<\/p>\n\n\n\n<p>_________________________________________________________________________<\/p>\n\n\n\n<p><strong>Bibliograf\u00eda<\/strong><\/p>\n\n\n\n<p style=\"line-height:1.2\">Fundaci\u00f3n Prolongar (2019). Encuentros que Reconcilian. Prolongar\u00ae Creatividad estrat\u00e9gica para el cambio social. Recuperado de: <a href=\"https:\/\/fundacionprolongar.org\/experiencias\/encuentros-que-reconcilian\/\">https:\/\/fundacionprolongar.org\/experiencias\/encuentros-que-reconcilian\/<\/a><\/p>\n\n\n\n<p style=\"line-height:1.2\">Mar\u00eda Paula Alzate (Gestora Cultural y Coordinadora de Proyectos), comunicaci\u00f3n personal, 13 de septiembre de 2020.<\/p>\n","protected":false},"excerpt":{"rendered":"<p>Tras varias d\u00e9cadas de constante conflicto armado en Colombia, la sociedad ha sido completamente marcada de por vida por los imperdonables hechos hist\u00f3ricos. Todos los actores involucrados en el conflicto, ya sea directa o indirectamente, han tenido que verse afectados por los enfrentamientos armados. De cierto modo en la actualidad se lleg\u00f3 a un estado&#46;&#46;&#46;<\/p>\n","protected":false},"author":4,"featured_media":196,"comment_status":"closed","ping_status":"closed","sticky":false,"template":"","format":"standard","meta":{"footnotes":""},"categories":[1],"tags":[16],"class_list":["post-84","post","type-post","status-publish","format-standard","has-post-thumbnail","hentry","category-textos-2020","tag-humberto-alzate"],"_links":{"self":[{"href":"https:\/\/blogs.uniandes.edu.co\/arte-conflicto-colombia\/wp-json\/wp\/v2\/posts\/84","targetHints":{"allow":["GET"]}}],"collection":[{"href":"https:\/\/blogs.uniandes.edu.co\/arte-conflicto-colombia\/wp-json\/wp\/v2\/posts"}],"about":[{"href":"https:\/\/blogs.uniandes.edu.co\/arte-conflicto-colombia\/wp-json\/wp\/v2\/types\/post"}],"author":[{"embeddable":true,"href":"https:\/\/blogs.uniandes.edu.co\/arte-conflicto-colombia\/wp-json\/wp\/v2\/users\/4"}],"replies":[{"embeddable":true,"href":"https:\/\/blogs.uniandes.edu.co\/arte-conflicto-colombia\/wp-json\/wp\/v2\/comments?post=84"}],"version-history":[{"count":3,"href":"https:\/\/blogs.uniandes.edu.co\/arte-conflicto-colombia\/wp-json\/wp\/v2\/posts\/84\/revisions"}],"predecessor-version":[{"id":213,"href":"https:\/\/blogs.uniandes.edu.co\/arte-conflicto-colombia\/wp-json\/wp\/v2\/posts\/84\/revisions\/213"}],"wp:featuredmedia":[{"embeddable":true,"href":"https:\/\/blogs.uniandes.edu.co\/arte-conflicto-colombia\/wp-json\/wp\/v2\/media\/196"}],"wp:attachment":[{"href":"https:\/\/blogs.uniandes.edu.co\/arte-conflicto-colombia\/wp-json\/wp\/v2\/media?parent=84"}],"wp:term":[{"taxonomy":"category","embeddable":true,"href":"https:\/\/blogs.uniandes.edu.co\/arte-conflicto-colombia\/wp-json\/wp\/v2\/categories?post=84"},{"taxonomy":"post_tag","embeddable":true,"href":"https:\/\/blogs.uniandes.edu.co\/arte-conflicto-colombia\/wp-json\/wp\/v2\/tags?post=84"}],"curies":[{"name":"wp","href":"https:\/\/api.w.org\/{rel}","templated":true}]}}