{"id":119,"date":"2021-04-21T20:35:31","date_gmt":"2021-04-22T01:35:31","guid":{"rendered":"https:\/\/blogs.uniandes.edu.co\/arte-exposiciones\/?p=119"},"modified":"2021-04-21T20:37:59","modified_gmt":"2021-04-22T01:37:59","slug":"where-my-house-lives","status":"publish","type":"post","link":"https:\/\/blogs.uniandes.edu.co\/arte-exposiciones\/where-my-house-lives\/","title":{"rendered":"\u201cWhere my house lives\u201d"},"content":{"rendered":"\n<p class=\"has-white-background-color has-background\">Por: Juliana Le\u00f3n Palacios<\/p>\n\n\n\n<p class=\"has-drop-cap\">Qu\u00e9 m\u00e1s acercado a la pandemia que chismosear sobre lo que hace el vecino, en esta exposici\u00f3n hay varias historias cada una muestra la perspectiva que se vive en cada casa. Es una realidad que nos hace enfrentarnos a lo que estar encerrado puede lograr en el ser humano, qui\u00e9n no cambio o descubri\u00f3 algo gracias a estar en el mismo lugar. Hay tanta diversidad en las familias y en quienes conviven un espacio que es dif\u00edcil poder llegar a convivir. Detr\u00e1s de cada ventana hay m\u00e1s que solo una historia, y uno solo est\u00e1 escuchando una versi\u00f3n de la convivencia, estas escuchando solo lo que el relator cuenta pero como dicen siempre hay dos lados de una historia y hay lugares en que hay m\u00e1s de dos lados. Ir de ventana en ventana tambi\u00e9n te enfrenta a una vivencia completamente diferente a la tuya, hay personas que viven con familias compuestas por el novio de la mam\u00e1 y no por su papa o incluso solo vive una pareja y su gato que es como un hijo.<\/p>\n\n\n\n<p>Si hablamos del dibujo y la animaci\u00f3n es algo \u00edntimo y muy sensible quiere decir que hay cierta cercan\u00eda, contar estas historias es destapar la privacidad de cada quien, y aunque hay confianza, esta parte es vulnerable al entendimiento del p\u00fablico, el solo hecho de que conozcan la din\u00e1mica de una casa, cuarto, dormitorio ya es abrir una puerta al juzgar al poder de hablar sobre lo que se est\u00e1 viendo.<\/p>\n\n\n\n<p>Lo que m\u00e1s puedo sacar de esto es la realidad de los apartamentos, la realidad que muchos viven y con las cuales uno se puede llegar a identificar, el tener demasiada gente en un espacio tan reducido y tener que estar con ellos las 24 horas del d\u00eda, compartir de una manera tan diferente. La dificultad del espacio compartido y de la explosividad de las emociones.<\/p>\n\n\n\n<p><\/p>\n\n\n\n<p>Where my house lives, una exposici\u00f3n en la p\u00e1gina web de aarea.co exhibida durante el mes de marzo de 2021. Las exposiciones en esta web desaparecen. <\/p>\n","protected":false},"excerpt":{"rendered":"<p>Por: Juliana Le\u00f3n Palacios Qu\u00e9 m\u00e1s acercado a la pandemia que chismosear sobre lo que hace el vecino, en esta exposici\u00f3n hay varias historias cada una muestra la perspectiva que se vive en cada casa. Es una realidad que nos hace enfrentarnos a lo que estar encerrado puede lograr en el ser humano, qui\u00e9n no &hellip; <\/p>\n<p class=\"link-more\"><a href=\"https:\/\/blogs.uniandes.edu.co\/arte-exposiciones\/where-my-house-lives\/\" class=\"more-link\">Seguir leyendo <span class=\"screen-reader-text\">&#8220;\u201cWhere my house lives\u201d&#8221;<\/span><\/a><\/p>\n","protected":false},"author":3,"featured_media":0,"comment_status":"closed","ping_status":"closed","sticky":false,"template":"","format":"standard","meta":{"footnotes":""},"categories":[7,5],"tags":[8],"class_list":["post-119","post","type-post","status-publish","format-standard","hentry","category-7","category-textos","tag-especular","no-thumbnail"],"_links":{"self":[{"href":"https:\/\/blogs.uniandes.edu.co\/arte-exposiciones\/wp-json\/wp\/v2\/posts\/119","targetHints":{"allow":["GET"]}}],"collection":[{"href":"https:\/\/blogs.uniandes.edu.co\/arte-exposiciones\/wp-json\/wp\/v2\/posts"}],"about":[{"href":"https:\/\/blogs.uniandes.edu.co\/arte-exposiciones\/wp-json\/wp\/v2\/types\/post"}],"author":[{"embeddable":true,"href":"https:\/\/blogs.uniandes.edu.co\/arte-exposiciones\/wp-json\/wp\/v2\/users\/3"}],"replies":[{"embeddable":true,"href":"https:\/\/blogs.uniandes.edu.co\/arte-exposiciones\/wp-json\/wp\/v2\/comments?post=119"}],"version-history":[{"count":1,"href":"https:\/\/blogs.uniandes.edu.co\/arte-exposiciones\/wp-json\/wp\/v2\/posts\/119\/revisions"}],"predecessor-version":[{"id":120,"href":"https:\/\/blogs.uniandes.edu.co\/arte-exposiciones\/wp-json\/wp\/v2\/posts\/119\/revisions\/120"}],"wp:attachment":[{"href":"https:\/\/blogs.uniandes.edu.co\/arte-exposiciones\/wp-json\/wp\/v2\/media?parent=119"}],"wp:term":[{"taxonomy":"category","embeddable":true,"href":"https:\/\/blogs.uniandes.edu.co\/arte-exposiciones\/wp-json\/wp\/v2\/categories?post=119"},{"taxonomy":"post_tag","embeddable":true,"href":"https:\/\/blogs.uniandes.edu.co\/arte-exposiciones\/wp-json\/wp\/v2\/tags?post=119"}],"curies":[{"name":"wp","href":"https:\/\/api.w.org\/{rel}","templated":true}]}}