{"id":183,"date":"2023-09-08T14:41:56","date_gmt":"2023-09-08T19:41:56","guid":{"rendered":"https:\/\/blogs.uniandes.edu.co\/arte-exposiciones\/?p=183"},"modified":"2023-09-08T15:35:21","modified_gmt":"2023-09-08T20:35:21","slug":"sobre-fragmentos-moviles-2","status":"publish","type":"post","link":"https:\/\/blogs.uniandes.edu.co\/arte-exposiciones\/sobre-fragmentos-moviles-2\/","title":{"rendered":"Sobre: Fragmentos M\u00f3viles"},"content":{"rendered":"\n<p>\u00a0Un texto sobre Fragmentos M\u00f3viles, exposici\u00f3n en Plural Nodo Cultural. curadur\u00eda: Paula Leuro y Andrea Infante. Artistas: Daniel Blanco, David Rodriguez Yepes, Estefan\u00eda Guarqu\u00edn y Sofia Lozano. <\/p>\n\n\n\n<p>Por: Margarita G\u00f3mez<\/p>\n\n\n\n<div data-wp-interactive=\"core\/file\" class=\"wp-block-file\"><object data-wp-bind--hidden=\"!state.hasPdfPreview\" hidden class=\"wp-block-file__embed\" data=\"https:\/\/blogs.uniandes.edu.co\/arte-exposiciones\/wp-content\/uploads\/sites\/3\/2023\/09\/Solo-describir.pdf\" type=\"application\/pdf\" style=\"width:100%;height:600px\" aria-label=\"Incrustado de Solo-describir.\"><\/object><a id=\"wp-block-file--media-528aa68d-6b69-4332-aba0-7cead89e2509\" href=\"https:\/\/blogs.uniandes.edu.co\/arte-exposiciones\/wp-content\/uploads\/sites\/3\/2023\/09\/Solo-describir.pdf\">Solo-describir<\/a><a href=\"https:\/\/blogs.uniandes.edu.co\/arte-exposiciones\/wp-content\/uploads\/sites\/3\/2023\/09\/Solo-describir.pdf\" class=\"wp-block-file__button wp-element-button\" download aria-describedby=\"wp-block-file--media-528aa68d-6b69-4332-aba0-7cead89e2509\">Descargar<\/a><\/div>\n","protected":false},"excerpt":{"rendered":"<p>\u00a0Un texto sobre Fragmentos M\u00f3viles, exposici\u00f3n en Plural Nodo Cultural. curadur\u00eda: Paula Leuro y Andrea Infante. Artistas: Daniel Blanco, David Rodriguez Yepes, Estefan\u00eda Guarqu\u00edn y Sofia Lozano. Por: Margarita G\u00f3mez<\/p>\n","protected":false},"author":3,"featured_media":0,"comment_status":"closed","ping_status":"closed","sticky":false,"template":"","format":"standard","meta":{"footnotes":""},"categories":[9,5],"tags":[11,10],"class_list":["post-183","post","type-post","status-publish","format-standard","hentry","category-9","category-textos","tag-fragmentos-moviles","tag-margarita-gomez","no-thumbnail"],"_links":{"self":[{"href":"https:\/\/blogs.uniandes.edu.co\/arte-exposiciones\/wp-json\/wp\/v2\/posts\/183","targetHints":{"allow":["GET"]}}],"collection":[{"href":"https:\/\/blogs.uniandes.edu.co\/arte-exposiciones\/wp-json\/wp\/v2\/posts"}],"about":[{"href":"https:\/\/blogs.uniandes.edu.co\/arte-exposiciones\/wp-json\/wp\/v2\/types\/post"}],"author":[{"embeddable":true,"href":"https:\/\/blogs.uniandes.edu.co\/arte-exposiciones\/wp-json\/wp\/v2\/users\/3"}],"replies":[{"embeddable":true,"href":"https:\/\/blogs.uniandes.edu.co\/arte-exposiciones\/wp-json\/wp\/v2\/comments?post=183"}],"version-history":[{"count":3,"href":"https:\/\/blogs.uniandes.edu.co\/arte-exposiciones\/wp-json\/wp\/v2\/posts\/183\/revisions"}],"predecessor-version":[{"id":190,"href":"https:\/\/blogs.uniandes.edu.co\/arte-exposiciones\/wp-json\/wp\/v2\/posts\/183\/revisions\/190"}],"wp:attachment":[{"href":"https:\/\/blogs.uniandes.edu.co\/arte-exposiciones\/wp-json\/wp\/v2\/media?parent=183"}],"wp:term":[{"taxonomy":"category","embeddable":true,"href":"https:\/\/blogs.uniandes.edu.co\/arte-exposiciones\/wp-json\/wp\/v2\/categories?post=183"},{"taxonomy":"post_tag","embeddable":true,"href":"https:\/\/blogs.uniandes.edu.co\/arte-exposiciones\/wp-json\/wp\/v2\/tags?post=183"}],"curies":[{"name":"wp","href":"https:\/\/api.w.org\/{rel}","templated":true}]}}