{"id":242,"date":"2024-03-15T09:16:53","date_gmt":"2024-03-15T14:16:53","guid":{"rendered":"https:\/\/blogs.uniandes.edu.co\/arte-exposiciones\/?p=242"},"modified":"2024-03-15T09:16:53","modified_gmt":"2024-03-15T14:16:53","slug":"vida","status":"publish","type":"post","link":"https:\/\/blogs.uniandes.edu.co\/arte-exposiciones\/vida\/","title":{"rendered":"Vida"},"content":{"rendered":"\n<p><strong>Nicol\u00e1s G\u00f3mez Hurtado<\/strong><\/p>\n\n\n\n<p>Si usted est\u00e1 en la estaci\u00f3n Universidades del Transmilenio en Bogot\u00e1, puede tomar el bus n\u00famero seis para llegar a la estaci\u00f3n Calle 72. El viaje se demora aproximadamente 40 minutos. Aseg\u00farese de bajar en la estaci\u00f3n correcta, luego camine por unos diez minutos y llegar\u00e1 a una casa grande en la calle 70a #741. Puede entrar, no se preocupe. Tras pasar la puerta, se encontrar\u00e1 con una entrada amplia con unos dibujos en la pared. El autor de ellos se llama Carlos Alfonso y se ha dedicado a hacer obras de arte. \u00c9l intentar\u00e1 que usted contemple lo que nace de la tierra para que usted especule.<\/p>\n\n\n\n<p>Usted est\u00e1 en medio de su exposici\u00f3n \u201cAltares del suelo se animan con fuego\u201d en las Casas Riegner. Las paredes son de color melocot\u00f3n y en ellas cuelgan trabajos y mensajes. En los pisos de color marr\u00f3n a veces encontrar\u00e1 \u201cislas\u201d con piedras, canastas y utensilios. Sus pinturas pueden tener textos arriba o abajo. En cada pintura hay un mar de un solo color. En \u00e9l ver\u00e1 todo tipo de cosas.<\/p>\n\n\n\n<figure class=\"wp-block-image aligncenter size-full is-resized\"><img loading=\"lazy\" decoding=\"async\" width=\"532\" height=\"716\" src=\"https:\/\/blogs.uniandes.edu.co\/arte-exposiciones\/wp-content\/uploads\/sites\/3\/2024\/03\/Screenshot-2024-03-15-at-9.09.58-AM.png\" alt=\"\" class=\"wp-image-243\" style=\"width:326px;height:auto\" srcset=\"https:\/\/blogs.uniandes.edu.co\/arte-exposiciones\/wp-content\/uploads\/sites\/3\/2024\/03\/Screenshot-2024-03-15-at-9.09.58-AM.png 532w, https:\/\/blogs.uniandes.edu.co\/arte-exposiciones\/wp-content\/uploads\/sites\/3\/2024\/03\/Screenshot-2024-03-15-at-9.09.58-AM-223x300.png 223w\" sizes=\"auto, (max-width: 532px) 100vw, 532px\" \/><\/figure>\n\n\n\n<p>As\u00ed fue para mi. Tras viajar por un tiempo considerable de un buen d\u00eda, llegu\u00e9 a una casa. Me encontr\u00e9 con un hombre concentrado en pulir un horno en el patio delantero de la exposici\u00f3n. No lo salud\u00e9, solo decid\u00ed entrar a la casa. La entrada era grande y abierta. Al entrar reconoc\u00ed una recepci\u00f3n. Pod\u00eda tomar tres caminos: a la izquierda, a la derecha o hacia arriba. Yo me fui hacia la izquierda, donde vi unos ventanales grandes que permit\u00edan que el sol entrara. Luego de fijarme en el exterior, me dirig\u00ed hacia la exposici\u00f3n. Hab\u00eda una buena cantidad de obras hacia el fondo. Primero las vi \u201cartificialmente\u201d, escaneaba las obras y le\u00eda un poco de los<\/p>\n\n\n\n<p>textos que las acompa\u00f1aban. Segu\u00eda mi camino preocupado por no quedarme atr\u00e1s mientras ve\u00eda que el resto de personas se mov\u00edan. Las pinturas se ve\u00edan as\u00ed:<\/p>\n\n\n\n<figure class=\"wp-block-image aligncenter size-full\"><img loading=\"lazy\" decoding=\"async\" width=\"392\" height=\"318\" src=\"https:\/\/blogs.uniandes.edu.co\/arte-exposiciones\/wp-content\/uploads\/sites\/3\/2024\/03\/Screenshot-2024-03-15-at-9.11.42-AM.png\" alt=\"\" class=\"wp-image-244\" srcset=\"https:\/\/blogs.uniandes.edu.co\/arte-exposiciones\/wp-content\/uploads\/sites\/3\/2024\/03\/Screenshot-2024-03-15-at-9.11.42-AM.png 392w, https:\/\/blogs.uniandes.edu.co\/arte-exposiciones\/wp-content\/uploads\/sites\/3\/2024\/03\/Screenshot-2024-03-15-at-9.11.42-AM-300x243.png 300w\" sizes=\"auto, (max-width: 392px) 100vw, 392px\" \/><\/figure>\n\n\n\n<p>Yo quer\u00eda acercarme m\u00e1s. Comenc\u00e9 mi recorrido de nuevo. Acercaba mi nariz y mis ojos a las obras (lo m\u00e1s que se me permitiese). Esto es lo que intentaba ver:<\/p>\n\n\n\n<figure class=\"wp-block-image aligncenter size-full\"><img loading=\"lazy\" decoding=\"async\" width=\"270\" height=\"352\" src=\"https:\/\/blogs.uniandes.edu.co\/arte-exposiciones\/wp-content\/uploads\/sites\/3\/2024\/03\/Screenshot-2024-03-15-at-9.12.18-AM.png\" alt=\"\" class=\"wp-image-245\" srcset=\"https:\/\/blogs.uniandes.edu.co\/arte-exposiciones\/wp-content\/uploads\/sites\/3\/2024\/03\/Screenshot-2024-03-15-at-9.12.18-AM.png 270w, https:\/\/blogs.uniandes.edu.co\/arte-exposiciones\/wp-content\/uploads\/sites\/3\/2024\/03\/Screenshot-2024-03-15-at-9.12.18-AM-230x300.png 230w\" sizes=\"auto, (max-width: 270px) 100vw, 270px\" \/><\/figure>\n\n\n\n<p>Solo decid\u00ed sumergirme. Ve\u00eda todo tipo de figuras, entidades y objetos. Muchas cosas del mundo, anunciadas a mi vista. Recuerdo ver un br\u00f3coli insignificante que pareciera ser peque\u00f1o, pero cuando me acerqu\u00e9, vi el baobab de uno de los planetas que visit\u00f3 El Principito.<\/p>\n\n\n\n<figure class=\"wp-block-image aligncenter size-full is-resized\"><img loading=\"lazy\" decoding=\"async\" width=\"356\" height=\"474\" src=\"https:\/\/blogs.uniandes.edu.co\/arte-exposiciones\/wp-content\/uploads\/sites\/3\/2024\/03\/Screenshot-2024-03-15-at-9.12.30-AM.png\" alt=\"\" class=\"wp-image-246\" style=\"width:270px;height:auto\" srcset=\"https:\/\/blogs.uniandes.edu.co\/arte-exposiciones\/wp-content\/uploads\/sites\/3\/2024\/03\/Screenshot-2024-03-15-at-9.12.30-AM.png 356w, https:\/\/blogs.uniandes.edu.co\/arte-exposiciones\/wp-content\/uploads\/sites\/3\/2024\/03\/Screenshot-2024-03-15-at-9.12.30-AM-225x300.png 225w\" sizes=\"auto, (max-width: 356px) 100vw, 356px\" \/><\/figure>\n\n\n\n<p>Empezaba a ver en el fondo de las pinturas un mar infinito, solitario. La soledad de ese infinito me desolaba. Como si yo fuese un hombre solitario en el desierto al que solo le queda pisar la arena y buscar a Dios. Cuanto menos lo pensaba, sent\u00eda m\u00e1s cosas. Siempre le he querido regalar una flor a una mujer. No especialmente una rosa o un tulip\u00e1n. He querido darle la flor de un diente de le\u00f3n. Porque es peque\u00f1a, delicada y finita como mi existencia.<\/p>\n\n\n\n<figure class=\"wp-block-image aligncenter size-full is-resized\"><img loading=\"lazy\" decoding=\"async\" width=\"352\" height=\"474\" src=\"https:\/\/blogs.uniandes.edu.co\/arte-exposiciones\/wp-content\/uploads\/sites\/3\/2024\/03\/Screenshot-2024-03-15-at-9.13.31-AM.png\" alt=\"\" class=\"wp-image-248\" style=\"width:252px;height:auto\" srcset=\"https:\/\/blogs.uniandes.edu.co\/arte-exposiciones\/wp-content\/uploads\/sites\/3\/2024\/03\/Screenshot-2024-03-15-at-9.13.31-AM.png 352w, https:\/\/blogs.uniandes.edu.co\/arte-exposiciones\/wp-content\/uploads\/sites\/3\/2024\/03\/Screenshot-2024-03-15-at-9.13.31-AM-223x300.png 223w\" sizes=\"auto, (max-width: 352px) 100vw, 352px\" \/><\/figure>\n\n\n\n<p>Esta imagen me provoca, incluso hoy, una sensaci\u00f3n de soledad horrible. Aunque tambi\u00e9n me da esperanza. La soledad siempre se me clava en los ojos. Segu\u00ed acerc\u00e1ndome al diente para ver sus peque\u00f1os detalles. La exposici\u00f3n de Carlos Alfonso me hizo repensar un poco m\u00e1s. Un poco m\u00e1s de mi. Un poco m\u00e1s de mi mundo. Un poco m\u00e1s de mi vida.<\/p>\n\n\n\n<figure class=\"wp-block-image aligncenter size-full is-resized\"><img loading=\"lazy\" decoding=\"async\" width=\"540\" height=\"720\" src=\"https:\/\/blogs.uniandes.edu.co\/arte-exposiciones\/wp-content\/uploads\/sites\/3\/2024\/03\/Screenshot-2024-03-15-at-9.14.42-AM.png\" alt=\"\" class=\"wp-image-249\" style=\"width:254px;height:auto\" srcset=\"https:\/\/blogs.uniandes.edu.co\/arte-exposiciones\/wp-content\/uploads\/sites\/3\/2024\/03\/Screenshot-2024-03-15-at-9.14.42-AM.png 540w, https:\/\/blogs.uniandes.edu.co\/arte-exposiciones\/wp-content\/uploads\/sites\/3\/2024\/03\/Screenshot-2024-03-15-at-9.14.42-AM-225x300.png 225w\" sizes=\"auto, (max-width: 540px) 100vw, 540px\" \/><\/figure>\n\n\n\n<p>\u00a1Qui\u00e9n pensar\u00eda que esta flor, una sola flor, tuviera tantos detalles como la vida!<\/p>\n\n\n\n<figure class=\"wp-block-image aligncenter size-large is-resized\"><img loading=\"lazy\" decoding=\"async\" width=\"768\" height=\"1024\" src=\"https:\/\/blogs.uniandes.edu.co\/arte-exposiciones\/wp-content\/uploads\/sites\/3\/2024\/03\/Screenshot-2024-03-15-at-9.15.36-AM-768x1024.png\" alt=\"\" class=\"wp-image-250\" style=\"width:266px;height:auto\" srcset=\"https:\/\/blogs.uniandes.edu.co\/arte-exposiciones\/wp-content\/uploads\/sites\/3\/2024\/03\/Screenshot-2024-03-15-at-9.15.36-AM-768x1024.png 768w, https:\/\/blogs.uniandes.edu.co\/arte-exposiciones\/wp-content\/uploads\/sites\/3\/2024\/03\/Screenshot-2024-03-15-at-9.15.36-AM-225x300.png 225w, https:\/\/blogs.uniandes.edu.co\/arte-exposiciones\/wp-content\/uploads\/sites\/3\/2024\/03\/Screenshot-2024-03-15-at-9.15.36-AM-560x747.png 560w, https:\/\/blogs.uniandes.edu.co\/arte-exposiciones\/wp-content\/uploads\/sites\/3\/2024\/03\/Screenshot-2024-03-15-at-9.15.36-AM.png 894w\" sizes=\"auto, (max-width: 768px) 100vw, 768px\" \/><\/figure>\n\n\n\n<p>Tome la decisi\u00f3n de seguir mi camino en la exposici\u00f3n. Me alej\u00e9 del mar y volv\u00ed a la entrada. Segu\u00ed hacia el lado derecho de la casa. Vi varias cosas, pero antes, decid\u00ed asomarme a la ventana. Carlos Alfonso segu\u00eda concentrado en pulir y dise\u00f1ar a la medida su horno. A d\u00eda de hoy creo verlo sonriente. Me hubiese gustado conversar con \u00e9l; saber porque decidi\u00f3 hablar de lo que nace de la tierra.<\/p>\n\n\n\n<p>Volte\u00e9 la mirada y decid\u00ed enfocarme en lo que segu\u00eda de la exposici\u00f3n que estaba detr\u00e1s m\u00edo. Hab\u00eda un \u00f3valo de ladrillos dispuestos en el suelo. Las piedras, la tela y las canastas que conformaban el \u00f3valo transmit\u00edan cierto tipo de sequedad. No tom\u00e9 fotos de la obra. Era como si uno fuera ahora parte de las escenas de las pinturas del lado izquierdo de la casa.<\/p>\n\n\n\n<p>Como si uno viera las cosas de otras personas.<\/p>\n\n\n\n<p>Decid\u00ed ir hacia la parte de arriba de la casa. Era otra exposici\u00f3n, tambi\u00e9n de Carlos Alfonso, pero distinta. No tom\u00e9 ninguna foto pero si recuerdo bien algunas cosas. Sub\u00ed por las escaleras y cuando llegu\u00e9 al segundo piso di un escaneo general. En las paredes hab\u00edan unas obras en tinta a blanco y negro que exponian distintos patrones y figuras que tal vez aludian a sue\u00f1os abstractos.<\/p>\n\n\n\n<p>El contraste entre los dos pisos dan pistas de lo que \u201cAltares del suelo se animan con fuego\u201d busca transmitir: tierra, color y vida. En el primer piso muestra el azul y el verde. En el segundo piso muestra, blanco y negro. Por todo esto, la exposici\u00f3n de Carlos Alfonso tiene el prop\u00f3sito de compartir una apreciaci\u00f3n por lo que nace de la tierra y la vida. En medio de un mar vac\u00edo, cada cosa de la vida se destaca como parte de la vida siendo pasajera y bella.<\/p>\n\n\n\n<p>Bella, adem\u00e1s, porque es espont\u00e1nea, misteriosa y no permite que el mismo mar est\u00e9 vac\u00edo.<\/p>\n\n\n\n<p>Podr\u00eda usted pensar que sus obras no tienen ning\u00fan prop\u00f3sito, o que no transmiten nada por s\u00ed solas. Seg\u00fan Ana Mar\u00eda Escall\u00f3n (2024):<\/p>\n\n\n\n<p>A veces los artistas piensan, otras no piensan. Carlos Alfonso no lo hace. Desmenuza con sinceridad un acopio simple de cualquier comienzo. Seg\u00fan el texto de la galer\u00eda, Alfonso despliega ante el visitante una puesta en escena en que el color azafranado del espacio expositivo, o aquel que evoca el color de la tierra quemada asociado con procesos de aparici\u00f3n, crecimiento, calor y fuego, abraza y sostiene una serie de bodegones\u2026 Y pinturas sin prop\u00f3sito.<\/p>\n\n\n\n<p>De manera que las obras de Carlos Alfonso no transmiten ning\u00fan mensaje. Pero esto no es necesariamente cierto. De hecho, permiten especular sobre muchas cosas distintas.<\/p>\n\n\n\n<p>El trabajo de Carlos Alfonso recorre el sentimiento et\u00e9reo de estar vivo y estar solo en el mundo. Recorre lo que significa estar vivo. Tal como dice la curadora de la exposici\u00f3n Paula Bossa (s.F):<\/p>\n\n\n\n<p>Sus altares del suelo, adem\u00e1s de desplegar un activismo sutil, nos recuerdan que la tierra y todo lo que brota de ella es sagrado, que debemos habitar nuestros cuerpos y el de la Madre Tierra con amor y plena conciencia, y que el pensamiento alineado con el coraz\u00f3n y la acci\u00f3n, equivale a ese fuego que ilumina, purifica y trasciende. (p\u00e1rr. 5)<\/p>\n\n\n\n<p>De manera que Carlos Alfonso crea espacios que dan un sentido sagrado a lo que proviene del suelo y es vida.<\/p>\n\n\n\n<p>Esta exposici\u00f3n permite apreciar la importancia de la vida, de todo lo que viene de la Madre Tierra. La exposici\u00f3n le permite a las personas pararse en el desierto y sentir como una sola cosa puede tener mucho detalle, como una sola cosa puede tener el esp\u00edritu de vida. Como si cualquier cosa, por insignificante que parezca, tiene la capacidad de ser un mundo propio. Que da vida al desierto, al mar vac\u00edo.<\/p>\n\n\n\n<p><strong>Bibliograf\u00edas<\/strong><\/p>\n\n\n\n<p>Artishock, Bossa, P. (2024, February 7). <em>CARLOS<\/em><em>ALFONSO:<\/em><em>ALTARES<\/em><em>DEL<\/em><em>SUELO<\/em><em> SE<\/em><\/p>\n\n\n\n<p><em>ANIMAN<\/em><em>CON<\/em><em>FUEGO<\/em>. Artishock Revista. Retrieved March 10, 2024, from <a href=\"https:\/\/artishockrevista.com\/2024\/02\/07\/carlos-alfonso-altares-casas-riegner\/\">https:\/\/artishockrevista.com\/2024\/02\/07\/carlos-alfonso-altares-casas-riegner\/<\/a><\/p>\n\n\n\n<p>Casas Riegner, Bossa, P. (n.d.-b). <em>Altares<\/em><em>del<\/em><em>suelo<\/em><em>se<\/em><em>animan<\/em><em>con<\/em><em>fuego<\/em>. Casas Riegner.<\/p>\n\n\n\n<p>Retrieved March 10, 2024, from<\/p>\n\n\n\n<figure class=\"wp-block-embed\"><div class=\"wp-block-embed__wrapper\">\nhttps:\/\/www.casasriegner.com\/exhibiciones-cs\/altares-del-suelo-se-animan-con-fuego\n<\/div><\/figure>\n\n\n\n<p>Escall\u00f3n, A. M., &amp; Escall\u00f3n, A. M. (2024, March 9). Lo sincero y lo primitivo. <em>Las2orillas<\/em>. <a href=\"https:\/\/www.las2orillas.co\/lo-sincero-y-lo-primitivo\/\">https:\/\/www.las2orillas.co\/lo-sincero-y-lo-primitivo\/<\/a><\/p>\n\n\n\n<p>Fern\u00e1ndez, S. &amp; El Espectador. (2024, February 14). <em>PressReader.com<\/em><em>&#8211;<\/em><em>digital<\/em><em>newspaper<\/em><em>&amp; magazine subscriptions<\/em>. PressReader. Retrieved March 10, 2024, from <a href=\"https:\/\/www.pressreader.com\/colombia\/el-espectador\/20240214\/281719799498302\">https:\/\/www.pressreader.com\/colombia\/el-espectador\/20240214\/281719799498302<\/a><\/p>\n\n\n\n<p>Flora. (2019, June 21). <em>Carlos<\/em><em>Alfonso<\/em><em>&#8211;<\/em><em>FLORA<\/em>. Retrieved March 10, 2024, from <a href=\"http:\/\/arteflora.org\/participantes\/carlos-alfonso\/\">http:\/\/arteflora.org\/participantes\/carlos-alfonso\/<\/a><\/p>\n\n\n\n<p>Montalvan. (2018, February 25). <em>Portafolio:<\/em><em>Carlos<\/em><em>Alfonso<\/em>. Estudio R\u00e1neo. Retrieved March 10, 2024, from<\/p>\n\n\n\n<figure class=\"wp-block-embed is-type-wp-embed is-provider-estudio-r-neo wp-block-embed-estudio-r-neo\"><div class=\"wp-block-embed__wrapper\">\n<blockquote class=\"wp-embedded-content\" data-secret=\"mxLy2lsnI5\"><a href=\"https:\/\/blograneo.wordpress.com\/2018\/02\/25\/portafolio-carlos-alfonso\/\">Portafolio: Carlos Alfonso<\/a><\/blockquote><iframe loading=\"lazy\" class=\"wp-embedded-content\" sandbox=\"allow-scripts\" security=\"restricted\" style=\"position: absolute; visibility: hidden;\" title=\"\u00abPortafolio: Carlos Alfonso\u00bb \u2014 Estudio R\u00e1neo\" src=\"https:\/\/blograneo.wordpress.com\/2018\/02\/25\/portafolio-carlos-alfonso\/embed\/#?secret=RmSxdF3ubT#?secret=mxLy2lsnI5\" data-secret=\"mxLy2lsnI5\" width=\"560\" height=\"315\" frameborder=\"0\" marginwidth=\"0\" marginheight=\"0\" scrolling=\"no\"><\/iframe>\n<\/div><\/figure>\n","protected":false},"excerpt":{"rendered":"<p>Nicol\u00e1s G\u00f3mez Hurtado Si usted est\u00e1 en la estaci\u00f3n Universidades del Transmilenio en Bogot\u00e1, puede tomar el bus n\u00famero seis para llegar a la estaci\u00f3n Calle 72. El viaje se demora aproximadamente 40 minutos. Aseg\u00farese de bajar en la estaci\u00f3n correcta, luego camine por unos diez minutos y llegar\u00e1 a una casa grande en la &hellip; <\/p>\n<p class=\"link-more\"><a href=\"https:\/\/blogs.uniandes.edu.co\/arte-exposiciones\/vida\/\" class=\"more-link\">Seguir leyendo <span class=\"screen-reader-text\">&#8220;Vida&#8221;<\/span><\/a><\/p>\n","protected":false},"author":14,"featured_media":0,"comment_status":"closed","ping_status":"closed","sticky":false,"template":"","format":"standard","meta":{"footnotes":""},"categories":[26,5],"tags":[],"class_list":["post-242","post","type-post","status-publish","format-standard","hentry","category-26","category-textos","no-thumbnail"],"_links":{"self":[{"href":"https:\/\/blogs.uniandes.edu.co\/arte-exposiciones\/wp-json\/wp\/v2\/posts\/242","targetHints":{"allow":["GET"]}}],"collection":[{"href":"https:\/\/blogs.uniandes.edu.co\/arte-exposiciones\/wp-json\/wp\/v2\/posts"}],"about":[{"href":"https:\/\/blogs.uniandes.edu.co\/arte-exposiciones\/wp-json\/wp\/v2\/types\/post"}],"author":[{"embeddable":true,"href":"https:\/\/blogs.uniandes.edu.co\/arte-exposiciones\/wp-json\/wp\/v2\/users\/14"}],"replies":[{"embeddable":true,"href":"https:\/\/blogs.uniandes.edu.co\/arte-exposiciones\/wp-json\/wp\/v2\/comments?post=242"}],"version-history":[{"count":1,"href":"https:\/\/blogs.uniandes.edu.co\/arte-exposiciones\/wp-json\/wp\/v2\/posts\/242\/revisions"}],"predecessor-version":[{"id":251,"href":"https:\/\/blogs.uniandes.edu.co\/arte-exposiciones\/wp-json\/wp\/v2\/posts\/242\/revisions\/251"}],"wp:attachment":[{"href":"https:\/\/blogs.uniandes.edu.co\/arte-exposiciones\/wp-json\/wp\/v2\/media?parent=242"}],"wp:term":[{"taxonomy":"category","embeddable":true,"href":"https:\/\/blogs.uniandes.edu.co\/arte-exposiciones\/wp-json\/wp\/v2\/categories?post=242"},{"taxonomy":"post_tag","embeddable":true,"href":"https:\/\/blogs.uniandes.edu.co\/arte-exposiciones\/wp-json\/wp\/v2\/tags?post=242"}],"curies":[{"name":"wp","href":"https:\/\/api.w.org\/{rel}","templated":true}]}}