{"id":166,"date":"2021-02-16T09:56:50","date_gmt":"2021-02-16T14:56:50","guid":{"rendered":"https:\/\/blogs.uniandes.edu.co\/taller-escritura-experimental\/?p=166"},"modified":"2021-02-16T10:07:41","modified_gmt":"2021-02-16T15:07:41","slug":"m-e-q-u-e-d-e-d-o-r-m-i-d-a","status":"publish","type":"post","link":"https:\/\/blogs.uniandes.edu.co\/taller-escritura-experimental\/m-e-q-u-e-d-e-d-o-r-m-i-d-a\/","title":{"rendered":"M E   Q U E D \u00c9   D O R M I D A."},"content":{"rendered":"\n<div class=\"wp-block-columns is-layout-flex wp-container-core-columns-is-layout-28f84493 wp-block-columns-is-layout-flex\">\n<div class=\"wp-block-column is-layout-flow wp-block-column-is-layout-flow\" style=\"flex-basis:100%\">\n<p>Y que la nieve y que el sol y que la sombra y luz \u00a0y mucha palabra que el \u00e1rbol que la nota que el tono que cada \u00e1rbol tiene que un tono que la cubierta al cielo que la columna al bosque que tengo sue\u00f1o y estoy insatisfecha que me quedar\u00e9 dormida que siempre me prometo no volver a pasar derecho que de seguro esto funcionar\u00e1 m\u00e1s que mejor ejercicio de fluir de conciencia que uno con una conciencia alterada por el sue\u00f1o y la frustraci\u00f3n me despert\u00e9 dos horas despu\u00e9s\u00a0 ahora no con menos sue\u00f1o si con m\u00e1s dolor de cuello no se puede es inevitable pero aun as\u00ed supremamente evitable ya muchas veces me he dicho no m\u00e1s c\u00f3gela chill c\u00f3gela chill cojela chiiiiiiiiiillllllllll que es una l\u00ednea convertida en muro que puede quitar a\u00f1os de vida eso le dije a mi compa\u00f1era que a veces siento que parece un pincher siempre estresada siempre ansiosa lo siento Daniela pero c\u00f3gela chiiiiiilllllllll\u00a0 no se est\u00e1 pa eso y lo digo sin hacerme caso se est\u00e1 pa quererse y tratarse bien pa leer un libro en el sol mientras se toma el primer caf\u00e9 pa escuchar un buen blues en un bar de chapinero mientras\u00a0 se ha tomado un trago pa una ma\u00f1ana tarde y noche de sexo y buena charla y buena comida ummm buena fruta y buena canci\u00f3n uf se est\u00e1 pa comer una pizza de Hervivoro en el parque pa re\u00edrse con Davila en la cama uuffff pa eso s\u00ed se est\u00e1 ella se rie con ganas y mira con cara de amor l\u00e1stima que eso lo cre\u00ed com\u00fan f\u00e1cil de encontrar en fin se est\u00e1 pa muchaaaaaaaas cosas m\u00e1s menos pa acabarse menos pa olvidarse por unas l\u00edneas ef\u00edmeras que se van nada de nada y menos con ese ambiente tenso y rid\u00edculo que se forma por eso me encanta arte porque se est\u00e1 para arte eso s\u00ed aunque claro eso de la cubierta y el cielo y el \u00e1rbol y la nieve no est\u00e1 nada mal me duele la espalda y sigo en posici\u00f3n inc\u00f3moda encorvada como camar\u00f3n tiesa como pieza oxidada y me volvi\u00f3 a dar sue\u00f1o y cierro los ojos y escribo a medio camino entre el aqu\u00ed y el all\u00e1 y me vooooooy pero me tengo que quedar quiero ver hasta d\u00f3nde llega esto aunque ahora no puedo dejar de pensar en Davila y sus besos y ella no sabe seguro pensar\u00e1 que nunca me import\u00f3 lo s\u00e9 por el tono en el que me habl\u00f3 la \u00faltima vez eso de la comunicaci\u00f3n no verbal es tan efectivo lo dice todo en menos de un segundo la \u00faltima vez ella lo supo por mi tono un tono de estoy cansada y esto lleg\u00f3 hasta aqu\u00ed y as\u00ed hablamos de cosas cotidianas de c\u00f3mo estuvo la pel\u00edcula, de c\u00f3mo estuvo el d\u00eda y la semana el trabajo y el estudio y hablando de esas cosas ella supo que no quer\u00eda m\u00e1s lo mismo me pas\u00f3 con Ana cuando despidi\u00e9ndonos con un beso en la mejilla sin que hubiera pasado nada\u00a0 extraordinario negativo o fuera de lo com\u00fan ambas supimos que eso no daba para m\u00e1s que est\u00e1bamos en dos tiempos y espacios distintos y que esas son razones para que dos personas que resuenan como eternas conocidas se separen\u00a0 porque es as\u00ed no es una vida suelta sino una inmersa entre tiempos y espacios que lo modifican todo que no se quedan quietos que cojen a la vida y le dan vueltas hacen\u00a0 lo que quieren con ella y la vida indefensa se deja a veces no pero s\u00ed la mayor\u00eda de veces Tengo sue\u00f1o creo que dormir\u00e9 diez minutos m\u00e1s.<\/p>\n\n\n\n<p>&#8211; Maria. <\/p>\n<\/div>\n<\/div>\n","protected":false},"excerpt":{"rendered":"<p>Y que la nieve y que el sol y que la sombra y luz \u00a0y mucha palabra que el \u00e1rbol que la nota que el tono que cada \u00e1rbol tiene que un tono que la cubierta al cielo que la columna al bosque que tengo sue\u00f1o y estoy insatisfecha que me quedar\u00e9 dormida que siempre [&hellip;]<\/p>\n","protected":false},"author":5,"featured_media":0,"comment_status":"closed","ping_status":"open","sticky":false,"template":"","format":"standard","meta":{"footnotes":""},"categories":[23,20],"tags":[6],"class_list":["post-166","post","type-post","status-publish","format-standard","hentry","category-2021-1","category-fluir","tag-maria-ardila"],"_links":{"self":[{"href":"https:\/\/blogs.uniandes.edu.co\/taller-escritura-experimental\/wp-json\/wp\/v2\/posts\/166","targetHints":{"allow":["GET"]}}],"collection":[{"href":"https:\/\/blogs.uniandes.edu.co\/taller-escritura-experimental\/wp-json\/wp\/v2\/posts"}],"about":[{"href":"https:\/\/blogs.uniandes.edu.co\/taller-escritura-experimental\/wp-json\/wp\/v2\/types\/post"}],"author":[{"embeddable":true,"href":"https:\/\/blogs.uniandes.edu.co\/taller-escritura-experimental\/wp-json\/wp\/v2\/users\/5"}],"replies":[{"embeddable":true,"href":"https:\/\/blogs.uniandes.edu.co\/taller-escritura-experimental\/wp-json\/wp\/v2\/comments?post=166"}],"version-history":[{"count":3,"href":"https:\/\/blogs.uniandes.edu.co\/taller-escritura-experimental\/wp-json\/wp\/v2\/posts\/166\/revisions"}],"predecessor-version":[{"id":234,"href":"https:\/\/blogs.uniandes.edu.co\/taller-escritura-experimental\/wp-json\/wp\/v2\/posts\/166\/revisions\/234"}],"wp:attachment":[{"href":"https:\/\/blogs.uniandes.edu.co\/taller-escritura-experimental\/wp-json\/wp\/v2\/media?parent=166"}],"wp:term":[{"taxonomy":"category","embeddable":true,"href":"https:\/\/blogs.uniandes.edu.co\/taller-escritura-experimental\/wp-json\/wp\/v2\/categories?post=166"},{"taxonomy":"post_tag","embeddable":true,"href":"https:\/\/blogs.uniandes.edu.co\/taller-escritura-experimental\/wp-json\/wp\/v2\/tags?post=166"}],"curies":[{"name":"wp","href":"https:\/\/api.w.org\/{rel}","templated":true}]}}