{"id":1766,"date":"2022-12-03T18:44:35","date_gmt":"2022-12-03T23:44:35","guid":{"rendered":"https:\/\/blogs.uniandes.edu.co\/taller-escritura-experimental\/?p=1766"},"modified":"2022-12-03T18:59:17","modified_gmt":"2022-12-03T23:59:17","slug":"noche","status":"publish","type":"post","link":"https:\/\/blogs.uniandes.edu.co\/taller-escritura-experimental\/noche\/","title":{"rendered":"Noche"},"content":{"rendered":"\n<p>Martes, no, domingo, no, s\u00e1bado de noche pero no hay estrellas,&nbsp; pero ayer hab\u00eda luna tan amarilla y no blanca, grande mas grande que nunca y adem\u00e1s mia&nbsp; mia como mi signo. Pero a la vez nunca podr\u00eda ser mia, ya la he regalado dos veces; una de sangre y otra de luz. Ah no espera, no fueron dos sino tres veces las que la he regalado; en un dibujo, en un tatuaje y en unas horas que me qued\u00e9 vi\u00e9ndola bajo el fr\u00edo en el balc\u00f3n pensando en ella. En la musica que podr\u00edamos tocar, y los cuadros que podr\u00edamos pintar. Pero el destino no tiene al sue\u00f1o en la mira, sino solo a la decisi\u00f3n incierta correspondiente a la constante y imposible pregunta de \u00bfqui\u00e9n soy? que acompa\u00f1a cada segundo de cada decisi\u00f3n y solo vuelve mi mente desordenada y mi pelo despeinado y me hace pensar que soy un ermita\u00f1o desconocedor de la vida y del mundo, pero con una curiosidad absoluta de admirar cada momento de belleza extra\u00f1a y loca, que puede cambiar el mundo en medio de la tristeza y la perdida. Como ese d\u00eda, d\u00f3nde en medio de la memoria del conflicto armado, vi una foto del testigo, de dos peque\u00f1os desplazados que sonre\u00ecan encima del burro, incluso despu\u00e9s de no tener a donde ir ni a donde volver.<\/p>\n\n\n\n<p>As\u00ed, la luna que tantas veces he regalado, ayer me parec\u00eda mia, pero nuevamente no pod\u00eda serlo porque la propiedad es otro sue\u00f1o de palabras y mentiras tejidas en una cultura que tanto odio pero que tambi\u00e9n no puedo sino querer, porque de otra forma no podr\u00eda tener ni mis propias palabras escritas en mis propios cuadernos y de pronto mis ideas no ser\u00edan m\u00edas y de pronto mi historia no tendr\u00eda hilo enredado en una imagen de mar oscuro y de mil estrellas que se dirige como bote de vela sin tim\u00f3n ni consciencia a toda luz por su camino. Pero alg\u00fan d\u00eda, as\u00ed no sea mia espero que pueda navegar al rededor de esa luna amarilla c\u00e1lida y grande que me recuerda a una primavera que no conozco pero que se que existe dentro de m\u00ed, porque de otra forma el invierno ya me habr\u00eda consumido con su manto de olvido, su daga de miedo y su inmensidad del tiempo ingobernable. Pero a\u00fan as\u00ed existo, solo y acompa\u00f1ado en un balance desconocido pero que le da fuerza a este deseo o necesidad de estar vivo.<\/p>\n","protected":false},"excerpt":{"rendered":"<p>Martes, no, domingo, no, s\u00e1bado de noche pero no hay estrellas,&nbsp; pero ayer hab\u00eda luna tan amarilla y no blanca, grande mas grande que nunca y adem\u00e1s mia&nbsp; mia como mi signo. Pero a la vez nunca podr\u00eda ser mia, ya la he regalado dos veces; una de sangre y otra de luz. Ah no [&hellip;]<\/p>\n","protected":false},"author":5,"featured_media":0,"comment_status":"closed","ping_status":"closed","sticky":false,"template":"","format":"standard","meta":{"footnotes":""},"categories":[20],"tags":[85],"class_list":["post-1766","post","type-post","status-publish","format-standard","hentry","category-fluir","tag-samuel-olarte"],"_links":{"self":[{"href":"https:\/\/blogs.uniandes.edu.co\/taller-escritura-experimental\/wp-json\/wp\/v2\/posts\/1766","targetHints":{"allow":["GET"]}}],"collection":[{"href":"https:\/\/blogs.uniandes.edu.co\/taller-escritura-experimental\/wp-json\/wp\/v2\/posts"}],"about":[{"href":"https:\/\/blogs.uniandes.edu.co\/taller-escritura-experimental\/wp-json\/wp\/v2\/types\/post"}],"author":[{"embeddable":true,"href":"https:\/\/blogs.uniandes.edu.co\/taller-escritura-experimental\/wp-json\/wp\/v2\/users\/5"}],"replies":[{"embeddable":true,"href":"https:\/\/blogs.uniandes.edu.co\/taller-escritura-experimental\/wp-json\/wp\/v2\/comments?post=1766"}],"version-history":[{"count":1,"href":"https:\/\/blogs.uniandes.edu.co\/taller-escritura-experimental\/wp-json\/wp\/v2\/posts\/1766\/revisions"}],"predecessor-version":[{"id":1767,"href":"https:\/\/blogs.uniandes.edu.co\/taller-escritura-experimental\/wp-json\/wp\/v2\/posts\/1766\/revisions\/1767"}],"wp:attachment":[{"href":"https:\/\/blogs.uniandes.edu.co\/taller-escritura-experimental\/wp-json\/wp\/v2\/media?parent=1766"}],"wp:term":[{"taxonomy":"category","embeddable":true,"href":"https:\/\/blogs.uniandes.edu.co\/taller-escritura-experimental\/wp-json\/wp\/v2\/categories?post=1766"},{"taxonomy":"post_tag","embeddable":true,"href":"https:\/\/blogs.uniandes.edu.co\/taller-escritura-experimental\/wp-json\/wp\/v2\/tags?post=1766"}],"curies":[{"name":"wp","href":"https:\/\/api.w.org\/{rel}","templated":true}]}}