{"id":2028,"date":"2025-02-27T11:54:47","date_gmt":"2025-02-27T16:54:47","guid":{"rendered":"https:\/\/blogs.uniandes.edu.co\/taller-escritura-experimental\/?p=2028"},"modified":"2025-02-27T11:54:47","modified_gmt":"2025-02-27T16:54:47","slug":"en-un-rincon-espero-que-aparezcas-y-me-expliques","status":"publish","type":"post","link":"https:\/\/blogs.uniandes.edu.co\/taller-escritura-experimental\/en-un-rincon-espero-que-aparezcas-y-me-expliques\/","title":{"rendered":"En un rinc\u00f3n espero que aparezcas y me expliques\u00a0"},"content":{"rendered":"\n<p>Una vez me dijiste que las palomas se enamoran y tienen una compa\u00f1era de por vida. Y me confund\u00ed cuando caminando por la calle vi a varias con varias y dej\u00e9 de entender realmente lo que me hab\u00edas dicho. Lo sigo pensando, pero tampoco voy a averiguar. De pronto la pareja de palomas se hab\u00eda peleado o de pronto todo era una gran mentira. Recuerdo que dijiste que las palomas se pon\u00edan tristes cuando perd\u00edan a su pareja. \u00bfTan tristes como estamos t\u00fa y yo ahora? \u00a0<\/p>\n\n\n\n<p>Yo te cre\u00ed porque te cre\u00eda todo, y adem\u00e1s la veracidad del mundo dejaba de importar cuando est\u00e1bamos t\u00fa y yo. Ahora ya no s\u00e9, veo palomas cogiendo con una y otra en fila y sin descanso. As\u00ed como hemos hecho t\u00fa y yo desde que no estamos juntos, me pregunto si los animales tambi\u00e9n sentir\u00e1n ese vac\u00edo que nosotros sentimos. Creo que lo he visto en sus ojos, o al menos antes cre\u00eda verlo con claridad cuando me sentaba en los parques y dibujaba y sab\u00eda que las palomas me miraban, antes de que me conocieras. Despu\u00e9s esa certeza del vac\u00edo se hizo ambigua en mi mente, no sab\u00eda si estaba ah\u00ed&nbsp;entre los dos o si la rabia, el amor, el apego y el sexo realmente lo hab\u00edan ahuyentado. &nbsp;<\/p>\n\n\n\n<p>Yo te amo, como me dijiste que las palomas amaban. Y ahora estoy triste, como me dijiste que ellas tambi\u00e9n lo estaban. Te juro que estoy tan triste, y tan desorientada.&nbsp;<\/p>\n\n\n\n<p>Porque no reconozco este mundo sucio en el que vago y vago, mirando a estos hijueputas, haci\u00e9ndolos tambi\u00e9n responsables de que hayamos perdido, nuestro amor de ni\u00f1os, nuestra fragilidad y mis ojos (porque realmente dudo que los tuyos hayan estado abiertos) y los odio por hacer un mundo en el que dos personas como nosotros no pueden sobrevivir juntas. &nbsp;<\/p>\n\n\n\n<p>Te juro que me confunde. &nbsp;<\/p>\n\n\n\n<p>Lo de las palomas. &nbsp;<\/p>\n\n\n\n<p>Y te veo con estos y con aquellos y siento que todos, todos ustedes, me clavan un cuchillo y le dan palazos a mi cabeza y mi cuerpo mutilado. Y he descubierto cu\u00e1ndo soy invisible porque estoy tan pegada al piso como una enferma, y encuentro alg\u00fan rinc\u00f3n para quedarme descansando horas y horas mientras todos ustedes pasan por los lados rozando mi existencia. Y juro que duele, duele como doli\u00f3 estar juntos, o quiz\u00e1 duele un poco menos. Duele el vac\u00edo de tener que estar con ustedes y no con \u00e9l. Ustedes me contaminan y despu\u00e9s me tratan de peste, y a m\u00ed, que ya no me importa, solo me queda tirarme en alg\u00fan rinc\u00f3n a sufrir de mis enfermedades mientras recuerdo y me pregunto por cosas por las que ya no tiene sentido preguntarse. &nbsp;<\/p>\n\n\n\n<p>Sol Marmolejo.<\/p>\n","protected":false},"excerpt":{"rendered":"<p>Una vez me dijiste que las palomas se enamoran y tienen una compa\u00f1era de por vida. Y me confund\u00ed cuando caminando por la calle vi a varias con varias y dej\u00e9 de entender realmente lo que me hab\u00edas dicho. Lo sigo pensando, pero tampoco voy a averiguar. De pronto la pareja de palomas se hab\u00eda [&hellip;]<\/p>\n","protected":false},"author":5,"featured_media":0,"comment_status":"closed","ping_status":"closed","sticky":false,"template":"","format":"standard","meta":{"footnotes":""},"categories":[97,35],"tags":[115],"class_list":["post-2028","post","type-post","status-publish","format-standard","hentry","category-2025-1","category-cuartiar","tag-sol-marmolejo"],"_links":{"self":[{"href":"https:\/\/blogs.uniandes.edu.co\/taller-escritura-experimental\/wp-json\/wp\/v2\/posts\/2028","targetHints":{"allow":["GET"]}}],"collection":[{"href":"https:\/\/blogs.uniandes.edu.co\/taller-escritura-experimental\/wp-json\/wp\/v2\/posts"}],"about":[{"href":"https:\/\/blogs.uniandes.edu.co\/taller-escritura-experimental\/wp-json\/wp\/v2\/types\/post"}],"author":[{"embeddable":true,"href":"https:\/\/blogs.uniandes.edu.co\/taller-escritura-experimental\/wp-json\/wp\/v2\/users\/5"}],"replies":[{"embeddable":true,"href":"https:\/\/blogs.uniandes.edu.co\/taller-escritura-experimental\/wp-json\/wp\/v2\/comments?post=2028"}],"version-history":[{"count":1,"href":"https:\/\/blogs.uniandes.edu.co\/taller-escritura-experimental\/wp-json\/wp\/v2\/posts\/2028\/revisions"}],"predecessor-version":[{"id":2029,"href":"https:\/\/blogs.uniandes.edu.co\/taller-escritura-experimental\/wp-json\/wp\/v2\/posts\/2028\/revisions\/2029"}],"wp:attachment":[{"href":"https:\/\/blogs.uniandes.edu.co\/taller-escritura-experimental\/wp-json\/wp\/v2\/media?parent=2028"}],"wp:term":[{"taxonomy":"category","embeddable":true,"href":"https:\/\/blogs.uniandes.edu.co\/taller-escritura-experimental\/wp-json\/wp\/v2\/categories?post=2028"},{"taxonomy":"post_tag","embeddable":true,"href":"https:\/\/blogs.uniandes.edu.co\/taller-escritura-experimental\/wp-json\/wp\/v2\/tags?post=2028"}],"curies":[{"name":"wp","href":"https:\/\/api.w.org\/{rel}","templated":true}]}}