{"id":428,"date":"2021-02-23T07:09:15","date_gmt":"2021-02-23T12:09:15","guid":{"rendered":"https:\/\/blogs.uniandes.edu.co\/taller-escritura-experimental\/?p=428"},"modified":"2021-02-23T07:14:23","modified_gmt":"2021-02-23T12:14:23","slug":"inquietud-parte-1","status":"publish","type":"post","link":"https:\/\/blogs.uniandes.edu.co\/taller-escritura-experimental\/inquietud-parte-1\/","title":{"rendered":"Inquietud- Parte 1"},"content":{"rendered":"<p style=\"text-align: center\"><span style=\"font-family: Symbol\">A\u00fan no entend\u00ed bien lo que pas\u00f3. S\u00e9 que la ni\u00f1a ahora est\u00e1 en manos de una nueva familia, ya era hora de que alguien se hiciera cargo de ella. Aunque qu\u00e9 miedo.<\/span><\/p>\n<p style=\"text-align: center\"><span style=\"font-family: Symbol\">La peque\u00f1a Ana lleg\u00f3 junto a su familia hace unos dos a\u00f1os al barrio. Nuestro barrio se compone por simples cinco bloques de ocho casas cada uno, por aqu\u00ed no hay nada de edificios. Los edificios se pueden ver a lo lejos, muy lejos. Cada casa es \u00fanica. Cada casa tiene su sello personal, y a\u00fan somos una comunidad muy unida. Por aqu\u00ed nadie va por encima de nadie. Todos nos cuidamos mucho entre todos.<\/span><\/p>\n<p style=\"text-align: center\"><span style=\"font-family: Symbol\">He vivido aqu\u00ed toda mi vida. Crec\u00ed con los hijos de nuestros vecinos y actualmente son el c\u00edrculo m\u00e1s importante en mi vida. Ana lleg\u00f3 hacia sus diez a\u00f1os, yo ten\u00eda 14. Eran edades incompatibles y por eso casi no le paraba bolas a lo que hac\u00eda. Me hab\u00edan contado que \u00a0Ana era demasiado inquieta. Seg\u00fan mis amigas, se la pasaba haciendo bromas. Escondiendo cosas y tales. Nada fuera de lo normal. Su inquietud estaba llegando al borde del descontrol. Seg\u00fan mi mam\u00e1 me cont\u00f3, sus padres desesperados estaban buscando ayuda para que Ana aprendiera a comportarse como el resto de ni\u00f1as de su edad. El problema es que no ten\u00edan c\u00f3mo pagar los tratamientos y las citas.<\/span><\/p>\n<p style=\"text-align: center\"><span style=\"font-family: Symbol\">Lleg\u00f3 el punto en que las bromas de Ana dejaron de ser graciosas y tomaban retorcidos caminos. Me acuerdo que una vez, a Mar\u00eda, una vecina de su lado, le regalaron un animalito. Si no estoy mal, era un golden retriever.<\/span><\/p>\n<p style=\"text-align: center\"><span style=\"font-family: Symbol\">Me acuerdo que Mar\u00eda un d\u00eda corri\u00f3 llorando a mi casa porque no encontraba a Suso, su perro. La casa hab\u00eda estado sola porque sus pap\u00e1s ten\u00edan unas vueltas que hacer y ella estaba en el colegio. Yo le ayud\u00e9 con lo que pude. Hicimos afiches para pegar en todo el barrio y pasamos por las cuarenta casas del barrio. Nada. Nada. Nadie nos daba informaci\u00f3n alguna de Suso. No s\u00e9 qu\u00e9 pas\u00f3 mientras, pero a la semana nos dieron raz\u00f3n del paradero del perro. Los pap\u00e1s de Ana estaban muy avergonzados, pues empezaron a percibir un olor rancio y met\u00e1lico particular en el cuarto de Ana. Despu\u00e9s de una b\u00fasqueda intensiva apareci\u00f3 el cad\u00e1ver del perro cubierto de pegotes de sangre y casi desintegrado en el armario de Ana. Por eso hab\u00edan tantas moscas. Nadie sabe c\u00f3mo Ana logr\u00f3 robarse a Suso ni lo que le hizo. Eso s\u00ed. Alguien me cont\u00f3 que Ana se comi\u00f3 algunas partes del perro, no se sabe si vivo o muerto. Desde ese d\u00eda Ana se convirti\u00f3 en un problema para sus padres. Ellos se la pasaban muy alterados todo el tiempo. No la dejaban salir. Su recorrido era del colegio a la casa y de la casa al colegio. Con toda la raz\u00f3n. Qu\u00e9 asco. Ojal\u00e1 se haya lavado la boca despu\u00e9s de eso.<\/span><\/p>\n<p style=\"text-align: center\"><span style=\"font-family: Symbol\">El punto es que en el barrio est\u00e1n corriendo rumores de que quiz\u00e1 la peque\u00f1a Ana no es la peque\u00f1a Ana. Dicen que quiz\u00e1 ella fue la que asesin\u00f3 a sus padres. Dicen que quiz\u00e1 tambi\u00e9n los mastic\u00f3.<\/span><\/p>\n<p>________________________________________________________________________<\/p>\n<p><em>Por: Mar\u00eda Paula Duarte<\/em><\/p>\n","protected":false},"excerpt":{"rendered":"<p>A\u00fan no entend\u00ed bien lo que pas\u00f3. S\u00e9 que la ni\u00f1a ahora est\u00e1 en manos de una nueva familia, ya era hora de que alguien se hiciera cargo de ella. Aunque qu\u00e9 miedo. La peque\u00f1a Ana lleg\u00f3 junto a su familia hace unos dos a\u00f1os al barrio. Nuestro barrio se compone por simples cinco bloques [&hellip;]<\/p>\n","protected":false},"author":5,"featured_media":0,"comment_status":"closed","ping_status":"closed","sticky":false,"template":"","format":"standard","meta":{"footnotes":""},"categories":[23],"tags":[10],"class_list":["post-428","post","type-post","status-publish","format-standard","hentry","category-2021-1","tag-maria-paula-duarte"],"_links":{"self":[{"href":"https:\/\/blogs.uniandes.edu.co\/taller-escritura-experimental\/wp-json\/wp\/v2\/posts\/428","targetHints":{"allow":["GET"]}}],"collection":[{"href":"https:\/\/blogs.uniandes.edu.co\/taller-escritura-experimental\/wp-json\/wp\/v2\/posts"}],"about":[{"href":"https:\/\/blogs.uniandes.edu.co\/taller-escritura-experimental\/wp-json\/wp\/v2\/types\/post"}],"author":[{"embeddable":true,"href":"https:\/\/blogs.uniandes.edu.co\/taller-escritura-experimental\/wp-json\/wp\/v2\/users\/5"}],"replies":[{"embeddable":true,"href":"https:\/\/blogs.uniandes.edu.co\/taller-escritura-experimental\/wp-json\/wp\/v2\/comments?post=428"}],"version-history":[{"count":5,"href":"https:\/\/blogs.uniandes.edu.co\/taller-escritura-experimental\/wp-json\/wp\/v2\/posts\/428\/revisions"}],"predecessor-version":[{"id":433,"href":"https:\/\/blogs.uniandes.edu.co\/taller-escritura-experimental\/wp-json\/wp\/v2\/posts\/428\/revisions\/433"}],"wp:attachment":[{"href":"https:\/\/blogs.uniandes.edu.co\/taller-escritura-experimental\/wp-json\/wp\/v2\/media?parent=428"}],"wp:term":[{"taxonomy":"category","embeddable":true,"href":"https:\/\/blogs.uniandes.edu.co\/taller-escritura-experimental\/wp-json\/wp\/v2\/categories?post=428"},{"taxonomy":"post_tag","embeddable":true,"href":"https:\/\/blogs.uniandes.edu.co\/taller-escritura-experimental\/wp-json\/wp\/v2\/tags?post=428"}],"curies":[{"name":"wp","href":"https:\/\/api.w.org\/{rel}","templated":true}]}}